{"id":2207,"date":"2026-04-27T14:57:25","date_gmt":"2026-04-27T19:57:25","guid":{"rendered":"https:\/\/www.mggl.com.mx\/?p=2207"},"modified":"2026-04-27T15:03:32","modified_gmt":"2026-04-27T20:03:32","slug":"reforma-reduccion-jornada","status":"publish","type":"post","link":"https:\/\/www.mggl.com.mx\/eng\/reforma-reduccion-jornada\/","title":{"rendered":"AMENDMENT TO THE FEDERAL LABOR LAW REGARDING REDUCTION OF WORKING HOURS"},"content":{"rendered":"<p>This week, the Chamber of Deputies approved the reform to the secondary law regarding the reduction of the workday. It is expected to be published and come into force on May 1. \nThe reform includes three key points:<\/p>\n\n\n\n<p><strong><u>1. Working hours\u00a0<\/u><\/strong><\/p>\n\n\n\n<ul class=\"wp-block-list\">\n<li>La jornada ordinaria tendr\u00e1 una duraci\u00f3n m\u00e1xima de 8 horas diarias y 40 horas semanales.<\/li>\n\n\n\n<li>Maintains the weekly mandatory paid rest day.<\/li>\n\n\n\n<li>&nbsp;El patr\u00f3n y la persona trabajadora podr\u00e1n acordar c\u00f3mo distribuir las horas de trabajo entre los d\u00edas laborales.<\/li>\n\n\n\n<li>La &nbsp;reducci\u00f3n de jornada no implicar\u00e1 la disminuci\u00f3n de sueldos.<\/li>\n\n\n\n<li>Implementaci\u00f3n gradual en los siguientes t\u00e9rminos: <\/li>\n<\/ul>\n\n\n\n<figure class=\"wp-block-table aligncenter\"><table class=\"has-fixed-layout\"><tbody><tr><td>Year                           <\/td><td>Jornada Semanal<\/td><\/tr><tr><td>2026<\/td><td>48<\/td><\/tr><tr><td>2027<\/td><td>46<\/td><\/tr><tr><td>2028<\/td><td>44<\/td><\/tr><tr><td>2029<\/td><td>42<\/td><\/tr><tr><td>2030<\/td><td>40<\/td><\/tr><\/tbody><\/table><\/figure>\n\n\n\n<p><strong><u>Tiempo extraordinario<\/u><\/strong><\/p>\n\n\n\n<ul class=\"wp-block-list\">\n<li>El tiempo extraordinario m\u00e1ximo permitido ser\u00e1 de 12 horas semanales, sin exceder de 4 horas por d\u00eda &nbsp;y de 4 d\u00edas por semana.<\/li>\n\n\n\n<li>Las horas extras contin\u00faan pag\u00e1ndose con un 100% adicional del salario ordinario y las que excedan del m\u00e1ximo permitido de 12 horas semanales, se pagar\u00e1n en un 200% adicional, sin que deban exceder de 4 horas semanales en este \u00faltimo caso.<\/li>\n\n\n\n<li>La suma de la jornada ordinaria y extraordinaria no debe exceder de 12 horas diarias.<\/li>\n\n\n\n<li>Implementaci\u00f3n gradual del tiempo extraordinario, conforme a lo siguiente:<\/li>\n<\/ul>\n\n\n\n<figure class=\"wp-block-table aligncenter\"><table class=\"has-fixed-layout\"><tbody><tr><td>Year                          <\/td><td>Horas Extraordinarias<\/td><\/tr><tr><td>2026<\/td><td>9<\/td><\/tr><tr><td>2027<\/td><td>9<\/td><\/tr><tr><td>2028<\/td><td>10<\/td><\/tr><tr><td>2029<\/td><td>11<\/td><\/tr><tr><td>2030<\/td><td>12<\/td><\/tr><\/tbody><\/table><\/figure>\n\n\n\n<p><strong><u>Registro electr\u00f3nico de asistencias<\/u><\/strong><\/p>\n\n\n\n<ul class=\"wp-block-list\">\n<li>Se establece como obligaci\u00f3n de las personas empleadoras registrar el inicio y finalizaci\u00f3n de la jornada de forma electr\u00f3nica.<\/li>\n\n\n\n<li>Este registro podr\u00e1 ser requerido por las autoridades, estableciendo una multa de 250 a 5000 UMAs en caso de incumplir con esta obligaci\u00f3n.<\/li>\n\n\n\n<li>La Secretar\u00eda del Trabajo expedir\u00e1 las disposiciones de car\u00e1cter general aplicables de este registro, las cuales entrar\u00e1n en vigor el 1\u00ba de enero de 2027.<\/li>\n<\/ul>\n\n\n\n<p><\/p>","protected":false},"excerpt":{"rendered":"<p>Esta semana fue aprobada por la c\u00e1mara de Diputados la reforma a la ley secundaria, en materia de reducci\u00f3n de la jornada laboral, la cual se prev\u00e9 que se publiqu\u00e9 y entre en vigor el 1\u00ba de mayo. <\/p>","protected":false},"author":2,"featured_media":2209,"comment_status":"closed","ping_status":"closed","sticky":false,"template":"","format":"standard","meta":{"footnotes":""},"categories":[5],"tags":[48,47],"class_list":["post-2207","post","type-post","status-publish","format-standard","has-post-thumbnail","hentry","category-nota-informativa","tag-lft","tag-reduccion-de-jornada"],"acf":[],"yoast_head":"<!-- This site is optimized with the Yoast SEO plugin v26.9 - https:\/\/yoast.com\/product\/yoast-seo-wordpress\/ -->\n<title>Reforma la Ley Federal del Trabajo en materia de Reducci\u00f3n de Jornada - MGGL<\/title>\n<meta name=\"robots\" content=\"index, follow, max-snippet:-1, max-image-preview:large, max-video-preview:-1\" \/>\n<link rel=\"canonical\" href=\"https:\/\/www.mggl.com.mx\/eng\/reforma-reduccion-jornada\/\" \/>\n<meta property=\"og:locale\" content=\"en_US\" \/>\n<meta property=\"og:type\" content=\"article\" \/>\n<meta property=\"og:title\" content=\"Reforma la Ley Federal del Trabajo en materia de Reducci\u00f3n de Jornada - MGGL\" \/>\n<meta property=\"og:description\" content=\"Esta semana fue aprobada por la c\u00e1mara de Diputados la reforma a la ley secundaria, en materia de reducci\u00f3n de la jornada laboral, la cual se prev\u00e9 que se publiqu\u00e9 y entre en vigor el 1\u00ba de mayo.\" \/>\n<meta property=\"og:url\" content=\"https:\/\/www.mggl.com.mx\/eng\/reforma-reduccion-jornada\/\" \/>\n<meta property=\"og:site_name\" content=\"MGGL\" \/>\n<meta property=\"article:published_time\" content=\"2026-04-27T19:57:25+00:00\" \/>\n<meta property=\"article:modified_time\" content=\"2026-04-27T20:03:32+00:00\" \/>\n<meta property=\"og:image\" content=\"https:\/\/www.mggl.com.mx\/wp-content\/uploads\/2026\/04\/web_image_jornada_apr26.png\" \/>\n\t<meta property=\"og:image:width\" content=\"900\" \/>\n\t<meta property=\"og:image:height\" content=\"560\" \/>\n\t<meta property=\"og:image:type\" content=\"image\/png\" \/>\n<meta name=\"author\" content=\"Steven\" \/>\n<meta name=\"twitter:card\" content=\"summary_large_image\" \/>\n<meta name=\"twitter:label1\" content=\"Written by\" \/>\n\t<meta name=\"twitter:data1\" content=\"\" \/>\n\t<meta name=\"twitter:label2\" content=\"Est. reading time\" \/>\n\t<meta name=\"twitter:data2\" content=\"2 minutes\" \/>\n<script type=\"application\/ld+json\" class=\"yoast-schema-graph\">{\"@context\":\"https:\/\/schema.org\",\"@graph\":[{\"@type\":\"Article\",\"@id\":\"https:\/\/www.mggl.com.mx\/reforma-reduccion-jornada\/#article\",\"isPartOf\":{\"@id\":\"https:\/\/www.mggl.com.mx\/reforma-reduccion-jornada\/\"},\"author\":{\"name\":\"Steven\",\"@id\":\"https:\/\/www.mggl.com.mx\/#\/schema\/person\/ff8e3b553a6b269039dd3f4f65418e28\"},\"headline\":\"Reforma la Ley Federal del Trabajo en materia de Reducci\u00f3n de Jornada\",\"datePublished\":\"2026-04-27T19:57:25+00:00\",\"dateModified\":\"2026-04-27T20:03:32+00:00\",\"mainEntityOfPage\":{\"@id\":\"https:\/\/www.mggl.com.mx\/reforma-reduccion-jornada\/\"},\"wordCount\":309,\"image\":{\"@id\":\"https:\/\/www.mggl.com.mx\/reforma-reduccion-jornada\/#primaryimage\"},\"thumbnailUrl\":\"https:\/\/www.mggl.com.mx\/wp-content\/uploads\/2026\/04\/web_image_jornada_apr26.png\",\"keywords\":[\"LFT\",\"Reducci\u00f3n de Jornada\"],\"articleSection\":[\"Nota informativa\"],\"inLanguage\":\"en-US\"},{\"@type\":\"WebPage\",\"@id\":\"https:\/\/www.mggl.com.mx\/reforma-reduccion-jornada\/\",\"url\":\"https:\/\/www.mggl.com.mx\/reforma-reduccion-jornada\/\",\"name\":\"Reforma la Ley Federal del Trabajo en materia de Reducci\u00f3n de Jornada - MGGL\",\"isPartOf\":{\"@id\":\"https:\/\/www.mggl.com.mx\/#website\"},\"primaryImageOfPage\":{\"@id\":\"https:\/\/www.mggl.com.mx\/reforma-reduccion-jornada\/#primaryimage\"},\"image\":{\"@id\":\"https:\/\/www.mggl.com.mx\/reforma-reduccion-jornada\/#primaryimage\"},\"thumbnailUrl\":\"https:\/\/www.mggl.com.mx\/wp-content\/uploads\/2026\/04\/web_image_jornada_apr26.png\",\"datePublished\":\"2026-04-27T19:57:25+00:00\",\"dateModified\":\"2026-04-27T20:03:32+00:00\",\"author\":{\"@id\":\"https:\/\/www.mggl.com.mx\/#\/schema\/person\/ff8e3b553a6b269039dd3f4f65418e28\"},\"breadcrumb\":{\"@id\":\"https:\/\/www.mggl.com.mx\/reforma-reduccion-jornada\/#breadcrumb\"},\"inLanguage\":\"en-US\",\"potentialAction\":[{\"@type\":\"ReadAction\",\"target\":[\"https:\/\/www.mggl.com.mx\/reforma-reduccion-jornada\/\"]}]},{\"@type\":\"ImageObject\",\"inLanguage\":\"en-US\",\"@id\":\"https:\/\/www.mggl.com.mx\/reforma-reduccion-jornada\/#primaryimage\",\"url\":\"https:\/\/www.mggl.com.mx\/wp-content\/uploads\/2026\/04\/web_image_jornada_apr26.png\",\"contentUrl\":\"https:\/\/www.mggl.com.mx\/wp-content\/uploads\/2026\/04\/web_image_jornada_apr26.png\",\"width\":900,\"height\":560},{\"@type\":\"BreadcrumbList\",\"@id\":\"https:\/\/www.mggl.com.mx\/reforma-reduccion-jornada\/#breadcrumb\",\"itemListElement\":[{\"@type\":\"ListItem\",\"position\":1,\"name\":\"Inicio\",\"item\":\"https:\/\/www.mggl.com.mx\/\"},{\"@type\":\"ListItem\",\"position\":2,\"name\":\"Reforma la Ley Federal del Trabajo en materia de Reducci\u00f3n de Jornada\"}]},{\"@type\":\"WebSite\",\"@id\":\"https:\/\/www.mggl.com.mx\/#website\",\"url\":\"https:\/\/www.mggl.com.mx\/\",\"name\":\"MGGL\",\"description\":\"Abogados\",\"potentialAction\":[{\"@type\":\"SearchAction\",\"target\":{\"@type\":\"EntryPoint\",\"urlTemplate\":\"https:\/\/www.mggl.com.mx\/?s={search_term_string}\"},\"query-input\":{\"@type\":\"PropertyValueSpecification\",\"valueRequired\":true,\"valueName\":\"search_term_string\"}}],\"inLanguage\":\"en-US\"},{\"@type\":\"Person\",\"@id\":\"https:\/\/www.mggl.com.mx\/#\/schema\/person\/ff8e3b553a6b269039dd3f4f65418e28\",\"name\":\"Steven\",\"url\":\"https:\/\/www.mggl.com.mx\/eng\/author\/steven\/\"}]}<\/script>\n<!-- \/ Yoast SEO plugin. -->","yoast_head_json":{"title":"Reforma la Ley Federal del Trabajo en materia de Reducci\u00f3n de Jornada - MGGL","robots":{"index":"index","follow":"follow","max-snippet":"max-snippet:-1","max-image-preview":"max-image-preview:large","max-video-preview":"max-video-preview:-1"},"canonical":"https:\/\/www.mggl.com.mx\/eng\/reforma-reduccion-jornada\/","og_locale":"en_US","og_type":"article","og_title":"Reforma la Ley Federal del Trabajo en materia de Reducci\u00f3n de Jornada - MGGL","og_description":"Esta semana fue aprobada por la c\u00e1mara de Diputados la reforma a la ley secundaria, en materia de reducci\u00f3n de la jornada laboral, la cual se prev\u00e9 que se publiqu\u00e9 y entre en vigor el 1\u00ba de mayo.","og_url":"https:\/\/www.mggl.com.mx\/eng\/reforma-reduccion-jornada\/","og_site_name":"MGGL","article_published_time":"2026-04-27T19:57:25+00:00","article_modified_time":"2026-04-27T20:03:32+00:00","og_image":[{"width":900,"height":560,"url":"https:\/\/www.mggl.com.mx\/wp-content\/uploads\/2026\/04\/web_image_jornada_apr26.png","type":"image\/png"}],"author":"Steven","twitter_card":"summary_large_image","twitter_misc":{"Written by":false,"Est. reading time":"2 minutes"},"schema":{"@context":"https:\/\/schema.org","@graph":[{"@type":"Article","@id":"https:\/\/www.mggl.com.mx\/reforma-reduccion-jornada\/#article","isPartOf":{"@id":"https:\/\/www.mggl.com.mx\/reforma-reduccion-jornada\/"},"author":{"name":"Steven","@id":"https:\/\/www.mggl.com.mx\/#\/schema\/person\/ff8e3b553a6b269039dd3f4f65418e28"},"headline":"Reforma la Ley Federal del Trabajo en materia de Reducci\u00f3n de Jornada","datePublished":"2026-04-27T19:57:25+00:00","dateModified":"2026-04-27T20:03:32+00:00","mainEntityOfPage":{"@id":"https:\/\/www.mggl.com.mx\/reforma-reduccion-jornada\/"},"wordCount":309,"image":{"@id":"https:\/\/www.mggl.com.mx\/reforma-reduccion-jornada\/#primaryimage"},"thumbnailUrl":"https:\/\/www.mggl.com.mx\/wp-content\/uploads\/2026\/04\/web_image_jornada_apr26.png","keywords":["LFT","Reducci\u00f3n de Jornada"],"articleSection":["Nota informativa"],"inLanguage":"en-US"},{"@type":"WebPage","@id":"https:\/\/www.mggl.com.mx\/reforma-reduccion-jornada\/","url":"https:\/\/www.mggl.com.mx\/reforma-reduccion-jornada\/","name":"Reforma la Ley Federal del Trabajo en materia de Reducci\u00f3n de Jornada - MGGL","isPartOf":{"@id":"https:\/\/www.mggl.com.mx\/#website"},"primaryImageOfPage":{"@id":"https:\/\/www.mggl.com.mx\/reforma-reduccion-jornada\/#primaryimage"},"image":{"@id":"https:\/\/www.mggl.com.mx\/reforma-reduccion-jornada\/#primaryimage"},"thumbnailUrl":"https:\/\/www.mggl.com.mx\/wp-content\/uploads\/2026\/04\/web_image_jornada_apr26.png","datePublished":"2026-04-27T19:57:25+00:00","dateModified":"2026-04-27T20:03:32+00:00","author":{"@id":"https:\/\/www.mggl.com.mx\/#\/schema\/person\/ff8e3b553a6b269039dd3f4f65418e28"},"breadcrumb":{"@id":"https:\/\/www.mggl.com.mx\/reforma-reduccion-jornada\/#breadcrumb"},"inLanguage":"en-US","potentialAction":[{"@type":"ReadAction","target":["https:\/\/www.mggl.com.mx\/reforma-reduccion-jornada\/"]}]},{"@type":"ImageObject","inLanguage":"en-US","@id":"https:\/\/www.mggl.com.mx\/reforma-reduccion-jornada\/#primaryimage","url":"https:\/\/www.mggl.com.mx\/wp-content\/uploads\/2026\/04\/web_image_jornada_apr26.png","contentUrl":"https:\/\/www.mggl.com.mx\/wp-content\/uploads\/2026\/04\/web_image_jornada_apr26.png","width":900,"height":560},{"@type":"BreadcrumbList","@id":"https:\/\/www.mggl.com.mx\/reforma-reduccion-jornada\/#breadcrumb","itemListElement":[{"@type":"ListItem","position":1,"name":"Inicio","item":"https:\/\/www.mggl.com.mx\/"},{"@type":"ListItem","position":2,"name":"Reforma la Ley Federal del Trabajo en materia de Reducci\u00f3n de Jornada"}]},{"@type":"WebSite","@id":"https:\/\/www.mggl.com.mx\/#website","url":"https:\/\/www.mggl.com.mx\/","name":"MGGL","description":"Abogados","potentialAction":[{"@type":"SearchAction","target":{"@type":"EntryPoint","urlTemplate":"https:\/\/www.mggl.com.mx\/?s={search_term_string}"},"query-input":{"@type":"PropertyValueSpecification","valueRequired":true,"valueName":"search_term_string"}}],"inLanguage":"en-US"},{"@type":"Person","@id":"https:\/\/www.mggl.com.mx\/#\/schema\/person\/ff8e3b553a6b269039dd3f4f65418e28","name":"Steven","url":"https:\/\/www.mggl.com.mx\/eng\/author\/steven\/"}]}},"_links":{"self":[{"href":"https:\/\/www.mggl.com.mx\/eng\/wp-json\/wp\/v2\/posts\/2207","targetHints":{"allow":["GET"]}}],"collection":[{"href":"https:\/\/www.mggl.com.mx\/eng\/wp-json\/wp\/v2\/posts"}],"about":[{"href":"https:\/\/www.mggl.com.mx\/eng\/wp-json\/wp\/v2\/types\/post"}],"author":[{"embeddable":true,"href":"https:\/\/www.mggl.com.mx\/eng\/wp-json\/wp\/v2\/users\/2"}],"replies":[{"embeddable":true,"href":"https:\/\/www.mggl.com.mx\/eng\/wp-json\/wp\/v2\/comments?post=2207"}],"version-history":[{"count":3,"href":"https:\/\/www.mggl.com.mx\/eng\/wp-json\/wp\/v2\/posts\/2207\/revisions"}],"predecessor-version":[{"id":2212,"href":"https:\/\/www.mggl.com.mx\/eng\/wp-json\/wp\/v2\/posts\/2207\/revisions\/2212"}],"wp:featuredmedia":[{"embeddable":true,"href":"https:\/\/www.mggl.com.mx\/eng\/wp-json\/wp\/v2\/media\/2209"}],"wp:attachment":[{"href":"https:\/\/www.mggl.com.mx\/eng\/wp-json\/wp\/v2\/media?parent=2207"}],"wp:term":[{"taxonomy":"category","embeddable":true,"href":"https:\/\/www.mggl.com.mx\/eng\/wp-json\/wp\/v2\/categories?post=2207"},{"taxonomy":"post_tag","embeddable":true,"href":"https:\/\/www.mggl.com.mx\/eng\/wp-json\/wp\/v2\/tags?post=2207"}],"curies":[{"name":"wp","href":"https:\/\/api.w.org\/{rel}","templated":true}]}}